{"id":933,"date":"2014-01-02T17:41:25","date_gmt":"2014-01-02T16:41:25","guid":{"rendered":"http:\/\/www.sauna-heimwerker.de\/sauna-blog\/?p=933"},"modified":"2014-01-02T17:44:44","modified_gmt":"2014-01-02T16:44:44","slug":"saunaentlueftung-nach-aussen-ableiten","status":"publish","type":"post","link":"http:\/\/www.sauna-heimwerker.de\/sauna-blog\/2014\/01\/saunaentlueftung-nach-aussen-ableiten\/","title":{"rendered":"Saunaentl\u00fcftung nach au\u00dfen ableiten?"},"content":{"rendered":"<p><em><strong>Herr Torsten V. fragte an;<\/strong><br \/>\nHallo,<br \/>\nich wollte mal fragen, ob man die Saunaentl\u00fcftung nach au\u00dfen ableiten sollte oder in den Saunavorraum?<br \/>\nSch\u00f6ne Gr\u00fc\u00dfe<\/em><\/p>\n<p><strong>Hier die Antwort:<\/strong><br \/>\nDanke f\u00fcr Ihre Frage, die ich gerne beantworte.<br \/>\nDie beste M\u00f6glichkeit der Saunaentl\u00fcftung besteht darin, die verbrauchte Saunaluft in den Saunavorraum abzuleiten. Allerdings muss der Saunavorraum ein Fenster haben. Dieses Fenster k\u00f6nnen Sie dann ganz nach Bedarf \u00f6ffnen oder schlie\u00dfen.<\/p>\n<p>Wenn Sie eine Sauna direkt nach au\u00dfen entl\u00fcften, dann wirkt sich dieses negativ auf das Saunaklima aus. Sollte es drau\u00dfen st\u00fcrmisch oder sehr kalt sein, kann es einen direkten Sog in die Saunakabine geben und die normale Konvektion in der Sauna ist gest\u00f6rt. Auch andere Wetterlagen au\u00dfen haben einen entsprechenden Einfluss. Daher sollten Sie die Sauna in den Vorraum entl\u00fcften und Sie werden ein gutes Saunaklima haben.<\/p>\n<p>Bezugsquelle f\u00fcr Saunaselbstbauteile Saunapowershop &#8211; Webseite <a title=\"Es \u00f6ffnet sich ein neues Fenster\" href=\"http:\/\/www.saunapowershop.de\" target=\"_blank\">www.saunapowershop.de<\/a><\/p>\n<p><strong><span style=\"color: #ff6600;\">Bei einer Anfrage, beziehen Sie sich auf meine Empfehlung:<\/span><\/strong><br \/>\n<strong><span style=\"color: #ff6600;\"> www.Sauna-Heimwerker.de<\/span><\/strong><\/p>\n<figure id=\"attachment_934\" aria-describedby=\"caption-attachment-934\" style=\"width: 300px\" class=\"wp-caption aligncenter\"><img loading=\"lazy\" class=\"size-full wp-image-934\" alt=\"Abluftschieber-Zuluftgitter\" src=\"http:\/\/www.sauna-heimwerker.de\/sauna-blog\/wp-content\/uploads\/2014\/01\/new-lueftung.jpg\" width=\"300\" height=\"298\" srcset=\"http:\/\/www.sauna-heimwerker.de\/sauna-blog\/wp-content\/uploads\/2014\/01\/new-lueftung.jpg 300w, http:\/\/www.sauna-heimwerker.de\/sauna-blog\/wp-content\/uploads\/2014\/01\/new-lueftung-150x150.jpg 150w, http:\/\/www.sauna-heimwerker.de\/sauna-blog\/wp-content\/uploads\/2014\/01\/new-lueftung-200x200.jpg 200w, http:\/\/www.sauna-heimwerker.de\/sauna-blog\/wp-content\/uploads\/2014\/01\/new-lueftung-90x90.jpg 90w\" sizes=\"(max-width: 300px) 100vw, 300px\" \/><figcaption id=\"caption-attachment-934\" class=\"wp-caption-text\">Abluftschieber-Zuluftgitter f\u00fcr die richtige Saunabel\u00fcftung<\/figcaption><\/figure>\n<p><img loading=\"lazy\" class=\"aligncenter size-full wp-image-622\" alt=\"werbung\" src=\"http:\/\/www.sauna-heimwerker.de\/sauna-blog\/wp-content\/uploads\/2013\/01\/werbung.jpg\" width=\"600\" height=\"15\" srcset=\"http:\/\/www.sauna-heimwerker.de\/sauna-blog\/wp-content\/uploads\/2013\/01\/werbung.jpg 600w, http:\/\/www.sauna-heimwerker.de\/sauna-blog\/wp-content\/uploads\/2013\/01\/werbung-150x3.jpg 150w, http:\/\/www.sauna-heimwerker.de\/sauna-blog\/wp-content\/uploads\/2013\/01\/werbung-300x7.jpg 300w, http:\/\/www.sauna-heimwerker.de\/sauna-blog\/wp-content\/uploads\/2013\/01\/werbung-90x2.jpg 90w\" sizes=\"(max-width: 600px) 100vw, 600px\" \/><\/p>\n<p><center><script type=\"mce-mce-text\/javascript\">\/\/ < ![CDATA[\n\/\/ < ![CDATA[\n\/\/ < ![CDATA[\n\/\/ < ![CDATA[\n\/\/ < ![CDATA[\n\/\/ < ![CDATA[\n\/\/ < ![CDATA[\n\/\/ < ![CDATA[\n\/\/ < ![CDATA[\n\/\/ < ![CDATA[\n\/\/ < ![CDATA[\n\/\/ < ![CDATA[\n\/\/ < ![CDATA[\n\/\/ < ![CDATA[\n\/\/ < ![CDATA[\n\/\/ < ![CDATA[\n\/\/ < ![CDATA[\n\/\/ < ![CDATA[\n\/\/ < ![CDATA[\n\/\/ < ![CDATA[ google_ad_client = \"ca-pub-9523682049734848\"; \/* Berater-Startseite *\/ google_ad_slot = \"4824031789\"; google_ad_width = 468; google_ad_height = 60;\n\/\/ ]]><\/script><br \/>\n<script type=\"mce-mce-text\/javascript\" src=\"http:\/\/pagead2.googlesyndication.com\/pagead\/show_ads.js\">\/\/ < ![CDATA[\n\/\/ < ![CDATA[\n\/\/ < ![CDATA[\n\/\/ < ![CDATA[\n\/\/ < ![CDATA[\n\/\/ < ![CDATA[\n\/\/ < ![CDATA[\n\/\/ < ![CDATA[\n\/\/ < ![CDATA[\n\/\/ < ![CDATA[\n\/\/ < ![CDATA[\n\/\/ < ![CDATA[\n\/\/ < ![CDATA[\n\/\/ < ![CDATA[\n\/\/ < ![CDATA[\n\/\/ < ![CDATA[\n\/\/ < ![CDATA[\n\/\/ < ![CDATA[\n\/\/ < ![CDATA[\n\/\/ < ![CDATA[\n\/\/ ]]><\/script><\/center>&nbsp;<\/p>\n<p><center><iframe loading=\"lazy\" style=\"border: currentColor;\" src=\"http:\/\/rcm-de.amazon.de\/e\/cm?t=wwwscharnereu-21&amp;o=3&amp;p=26&amp;l=ur1&amp;category=sportinggoods&amp;banner=1FHJ19C2GM13NMGSA3R2&amp;f=ifr\" height=\"60\" width=\"468\" frameborder=\"0\" marginwidth=\"0\" scrolling=\"no\"><\/iframe><\/center>&nbsp;<\/p>\n<p><center><a href=\"http:\/\/www.scharner.eu\" target=\"_blank\"><img loading=\"lazy\" id=\"Bild3\" title=\"Hier geht es zum Wellness Unternehmens- und Verbraucherberater -  Es \u00f6ffnet sich ein neues Fenster\" alt=\"\" src=\"http:\/\/www.fotobilder-ts.de\/ablage\/banner_wellness_berater.jpg\" width=\"466\" height=\"81\" border=\"1\" \/><\/a><\/center><img loading=\"lazy\" class=\"aligncenter size-full wp-image-624\" alt=\"trennlinie-gruen\" src=\"http:\/\/www.sauna-heimwerker.de\/sauna-blog\/wp-content\/uploads\/2013\/01\/trennlinie-gruen.jpg\" width=\"600\" height=\"6\" srcset=\"http:\/\/www.sauna-heimwerker.de\/sauna-blog\/wp-content\/uploads\/2013\/01\/trennlinie-gruen.jpg 600w, http:\/\/www.sauna-heimwerker.de\/sauna-blog\/wp-content\/uploads\/2013\/01\/trennlinie-gruen-150x1.jpg 150w, http:\/\/www.sauna-heimwerker.de\/sauna-blog\/wp-content\/uploads\/2013\/01\/trennlinie-gruen-300x3.jpg 300w\" sizes=\"(max-width: 600px) 100vw, 600px\" \/><\/p>\n","protected":false},"excerpt":{"rendered":"<p>Herr Torsten V. fragte an; Hallo, ich wollte mal fragen, ob man die Saunaentl\u00fcftung nach au\u00dfen ableiten sollte oder in den Saunavorraum? Sch\u00f6ne Gr\u00fc\u00dfe Hier die Antwort: Danke f\u00fcr Ihre Frage, die ich gerne beantworte. Die beste M\u00f6glichkeit der Saunaentl\u00fcftung besteht darin, die verbrauchte Saunaluft in den Saunavorraum abzuleiten. Allerdings muss der Saunavorraum ein Fenster&hellip; <a class=\"more-link\" href=\"http:\/\/www.sauna-heimwerker.de\/sauna-blog\/2014\/01\/saunaentlueftung-nach-aussen-ableiten\/\"><span class=\"screen-reader-text\">Saunaentl\u00fcftung nach au\u00dfen ableiten?<\/span> weiterlesen<\/a><\/p>\n","protected":false},"author":1,"featured_media":934,"comment_status":"open","ping_status":"open","sticky":false,"template":"","format":"standard","meta":[],"categories":[1,20,7],"tags":[],"_links":{"self":[{"href":"http:\/\/www.sauna-heimwerker.de\/sauna-blog\/wp-json\/wp\/v2\/posts\/933"}],"collection":[{"href":"http:\/\/www.sauna-heimwerker.de\/sauna-blog\/wp-json\/wp\/v2\/posts"}],"about":[{"href":"http:\/\/www.sauna-heimwerker.de\/sauna-blog\/wp-json\/wp\/v2\/types\/post"}],"author":[{"embeddable":true,"href":"http:\/\/www.sauna-heimwerker.de\/sauna-blog\/wp-json\/wp\/v2\/users\/1"}],"replies":[{"embeddable":true,"href":"http:\/\/www.sauna-heimwerker.de\/sauna-blog\/wp-json\/wp\/v2\/comments?post=933"}],"version-history":[{"count":2,"href":"http:\/\/www.sauna-heimwerker.de\/sauna-blog\/wp-json\/wp\/v2\/posts\/933\/revisions"}],"predecessor-version":[{"id":936,"href":"http:\/\/www.sauna-heimwerker.de\/sauna-blog\/wp-json\/wp\/v2\/posts\/933\/revisions\/936"}],"wp:featuredmedia":[{"embeddable":true,"href":"http:\/\/www.sauna-heimwerker.de\/sauna-blog\/wp-json\/wp\/v2\/media\/934"}],"wp:attachment":[{"href":"http:\/\/www.sauna-heimwerker.de\/sauna-blog\/wp-json\/wp\/v2\/media?parent=933"}],"wp:term":[{"taxonomy":"category","embeddable":true,"href":"http:\/\/www.sauna-heimwerker.de\/sauna-blog\/wp-json\/wp\/v2\/categories?post=933"},{"taxonomy":"post_tag","embeddable":true,"href":"http:\/\/www.sauna-heimwerker.de\/sauna-blog\/wp-json\/wp\/v2\/tags?post=933"}],"curies":[{"name":"wp","href":"https:\/\/api.w.org\/{rel}","templated":true}]}}